{"id":6586,"date":"2021-07-23T18:30:50","date_gmt":"2021-07-23T21:30:50","guid":{"rendered":"http:\/\/docenciavirtual.ufro.cl\/?p=6586"},"modified":"2021-11-09T23:07:08","modified_gmt":"2021-11-10T02:07:08","slug":"microcursos","status":"publish","type":"post","link":"https:\/\/docenciavirtual.ufro.cl\/index.php\/microcursos\/","title":{"rendered":"Microcursos"},"content":{"rendered":"\t\t<div data-elementor-type=\"wp-post\" data-elementor-id=\"6586\" class=\"elementor elementor-6586\">\n\t\t\t\t\t\t\t\t\t<section class=\"elementor-section elementor-top-section elementor-element elementor-element-4592a3a elementor-section-boxed elementor-section-height-default elementor-section-height-default\" data-id=\"4592a3a\" data-element_type=\"section\">\n\t\t\t\t\t\t<div class=\"elementor-container elementor-column-gap-default\">\n\t\t\t\t\t<div class=\"elementor-column elementor-col-100 elementor-top-column elementor-element elementor-element-1527266\" data-id=\"1527266\" data-element_type=\"column\">\n\t\t\t<div class=\"elementor-widget-wrap elementor-element-populated\">\n\t\t\t\t\t\t\t\t<div class=\"elementor-element elementor-element-055768a elementor-widget elementor-widget-image\" data-id=\"055768a\" data-element_type=\"widget\" data-widget_type=\"image.default\">\n\t\t\t\t<div class=\"elementor-widget-container\">\n\t\t\t\t\t\t\t\t\t\t\t\t\t\t\t<img decoding=\"async\" loading=\"lazy\" width=\"1134\" height=\"217\" src=\"https:\/\/docenciavirtual.ufro.cl\/wp-content\/uploads\/2021\/07\/Banner-1.png\" class=\"attachment-full size-full wp-image-6602\" alt=\"\" srcset=\"https:\/\/docenciavirtual.ufro.cl\/wp-content\/uploads\/2021\/07\/Banner-1.png 1134w, https:\/\/docenciavirtual.ufro.cl\/wp-content\/uploads\/2021\/07\/Banner-1-300x57.png 300w, https:\/\/docenciavirtual.ufro.cl\/wp-content\/uploads\/2021\/07\/Banner-1-1024x196.png 1024w, https:\/\/docenciavirtual.ufro.cl\/wp-content\/uploads\/2021\/07\/Banner-1-768x147.png 768w, https:\/\/docenciavirtual.ufro.cl\/wp-content\/uploads\/2021\/07\/Banner-1-24x5.png 24w, https:\/\/docenciavirtual.ufro.cl\/wp-content\/uploads\/2021\/07\/Banner-1-36x7.png 36w, https:\/\/docenciavirtual.ufro.cl\/wp-content\/uploads\/2021\/07\/Banner-1-48x9.png 48w\" sizes=\"(max-width: 1134px) 100vw, 1134px\" \/>\t\t\t\t\t\t\t\t\t\t\t\t\t\t\t<\/div>\n\t\t\t\t<\/div>\n\t\t\t\t\t<\/div>\n\t\t<\/div>\n\t\t\t\t\t\t\t<\/div>\n\t\t<\/section>\n\t\t\t\t<section class=\"elementor-section elementor-top-section elementor-element elementor-element-39ca7ab elementor-section-boxed elementor-section-height-default elementor-section-height-default\" data-id=\"39ca7ab\" data-element_type=\"section\">\n\t\t\t\t\t\t<div class=\"elementor-container elementor-column-gap-default\">\n\t\t\t\t\t<div class=\"elementor-column elementor-col-100 elementor-top-column elementor-element elementor-element-1908874\" data-id=\"1908874\" data-element_type=\"column\">\n\t\t\t<div class=\"elementor-widget-wrap elementor-element-populated\">\n\t\t\t\t\t\t\t\t<div class=\"elementor-element elementor-element-81c9dd4 elementor-widget elementor-widget-spacer\" data-id=\"81c9dd4\" data-element_type=\"widget\" data-widget_type=\"spacer.default\">\n\t\t\t\t<div class=\"elementor-widget-container\">\n\t\t\t\t\t<div class=\"elementor-spacer\">\n\t\t\t<div class=\"elementor-spacer-inner\"><\/div>\n\t\t<\/div>\n\t\t\t\t<\/div>\n\t\t\t\t<\/div>\n\t\t\t\t\t<\/div>\n\t\t<\/div>\n\t\t\t\t\t\t\t<\/div>\n\t\t<\/section>\n\t\t\t\t<section class=\"elementor-section elementor-top-section elementor-element elementor-element-9360350 elementor-section-boxed elementor-section-height-default elementor-section-height-default\" data-id=\"9360350\" data-element_type=\"section\">\n\t\t\t\t\t\t<div class=\"elementor-container elementor-column-gap-default\">\n\t\t\t\t\t<div class=\"elementor-column elementor-col-50 elementor-top-column elementor-element elementor-element-bdb5425\" data-id=\"bdb5425\" data-element_type=\"column\">\n\t\t\t<div class=\"elementor-widget-wrap elementor-element-populated\">\n\t\t\t\t\t\t\t\t<div class=\"elementor-element elementor-element-a5d1883 elementor-widget elementor-widget-image\" data-id=\"a5d1883\" data-element_type=\"widget\" data-widget_type=\"image.default\">\n\t\t\t\t<div class=\"elementor-widget-container\">\n\t\t\t\t\t\t\t\t\t\t\t\t\t\t\t<img decoding=\"async\" loading=\"lazy\" width=\"639\" height=\"217\" src=\"https:\/\/docenciavirtual.ufro.cl\/wp-content\/uploads\/2021\/07\/1.png\" class=\"attachment-full size-full wp-image-6596\" alt=\"\" srcset=\"https:\/\/docenciavirtual.ufro.cl\/wp-content\/uploads\/2021\/07\/1.png 639w, https:\/\/docenciavirtual.ufro.cl\/wp-content\/uploads\/2021\/07\/1-300x102.png 300w, https:\/\/docenciavirtual.ufro.cl\/wp-content\/uploads\/2021\/07\/1-24x8.png 24w, https:\/\/docenciavirtual.ufro.cl\/wp-content\/uploads\/2021\/07\/1-36x12.png 36w, https:\/\/docenciavirtual.ufro.cl\/wp-content\/uploads\/2021\/07\/1-48x16.png 48w\" sizes=\"(max-width: 639px) 100vw, 639px\" \/>\t\t\t\t\t\t\t\t\t\t\t\t\t\t\t<\/div>\n\t\t\t\t<\/div>\n\t\t\t\t<div class=\"elementor-element elementor-element-f879acf elementor-widget elementor-widget-heading\" data-id=\"f879acf\" data-element_type=\"widget\" data-widget_type=\"heading.default\">\n\t\t\t\t<div class=\"elementor-widget-container\">\n\t\t\t<h2 class=\"elementor-heading-title elementor-size-default\">Microcurso Lineamientos claves para la Docencia en la UFRO<\/h2>\t\t<\/div>\n\t\t\t\t<\/div>\n\t\t\t\t<div class=\"elementor-element elementor-element-81a3824 elementor-widget elementor-widget-text-editor\" data-id=\"81a3824\" data-element_type=\"widget\" data-widget_type=\"text-editor.default\">\n\t\t\t\t<div class=\"elementor-widget-container\">\n\t\t\t\t\t\t\t<p><span style=\"font-weight: 400;\">Prop\u00f3sito: Comprensi\u00f3n y apropiaci\u00f3n de tres lineamientos claves para la docencia presentes en la Pol\u00edtica de Formaci\u00f3n Profesional (PFP).<\/span><\/p><p><strong>N\u00famero de horas: <\/strong>4<\/p><p><strong>Fecha de inicio<\/strong>: <span style=\"font-weight: 400;\">26-07-2021<\/span><\/p>\t\t\t\t\t\t<\/div>\n\t\t\t\t<\/div>\n\t\t\t\t<div class=\"elementor-element elementor-element-7752521 elementor-align-center elementor-widget elementor-widget-button\" data-id=\"7752521\" data-element_type=\"widget\" data-widget_type=\"button.default\">\n\t\t\t\t<div class=\"elementor-widget-container\">\n\t\t\t\t\t<div class=\"elementor-button-wrapper\">\n\t\t\t<a class=\"elementor-button elementor-button-link elementor-size-sm\" href=\"https:\/\/campusvirtual.ufro.cl\/course\/view.php?id=7999\" target=\"_blank\">\n\t\t\t\t\t\t<span class=\"elementor-button-content-wrapper\">\n\t\t\t\t\t\t<span class=\"elementor-button-text\">Inscripciones en Campus Virtual<\/span>\n\t\t<\/span>\n\t\t\t\t\t<\/a>\n\t\t<\/div>\n\t\t\t\t<\/div>\n\t\t\t\t<\/div>\n\t\t\t\t\t<\/div>\n\t\t<\/div>\n\t\t\t\t<div class=\"elementor-column elementor-col-50 elementor-top-column elementor-element elementor-element-050baa5\" data-id=\"050baa5\" data-element_type=\"column\">\n\t\t\t<div class=\"elementor-widget-wrap elementor-element-populated\">\n\t\t\t\t\t\t\t\t<div class=\"elementor-element elementor-element-01ae3f4 elementor-widget elementor-widget-image\" data-id=\"01ae3f4\" data-element_type=\"widget\" data-widget_type=\"image.default\">\n\t\t\t\t<div class=\"elementor-widget-container\">\n\t\t\t\t\t\t\t\t\t\t\t\t\t\t\t\t<a href=\"https:\/\/forms.gle\/hNtb4LMmAWqVF73K9\" target=\"_blank\">\n\t\t\t\t\t\t\t<img decoding=\"async\" loading=\"lazy\" width=\"700\" height=\"248\" src=\"https:\/\/docenciavirtual.ufro.cl\/wp-content\/uploads\/2021\/07\/Banner_Campus-Virtual.jpg\" class=\"attachment-large size-large wp-image-6738\" alt=\"\" srcset=\"https:\/\/docenciavirtual.ufro.cl\/wp-content\/uploads\/2021\/07\/Banner_Campus-Virtual.jpg 700w, https:\/\/docenciavirtual.ufro.cl\/wp-content\/uploads\/2021\/07\/Banner_Campus-Virtual-300x106.jpg 300w, https:\/\/docenciavirtual.ufro.cl\/wp-content\/uploads\/2021\/07\/Banner_Campus-Virtual-24x9.jpg 24w, https:\/\/docenciavirtual.ufro.cl\/wp-content\/uploads\/2021\/07\/Banner_Campus-Virtual-36x13.jpg 36w, https:\/\/docenciavirtual.ufro.cl\/wp-content\/uploads\/2021\/07\/Banner_Campus-Virtual-48x17.jpg 48w\" sizes=\"(max-width: 700px) 100vw, 700px\" \/>\t\t\t\t\t\t\t\t<\/a>\n\t\t\t\t\t\t\t\t\t\t\t\t\t\t\t<\/div>\n\t\t\t\t<\/div>\n\t\t\t\t<div class=\"elementor-element elementor-element-3c3b524 elementor-widget elementor-widget-heading\" data-id=\"3c3b524\" data-element_type=\"widget\" data-widget_type=\"heading.default\">\n\t\t\t\t<div class=\"elementor-widget-container\">\n\t\t\t<h3 class=\"elementor-heading-title elementor-size-default\">\"Herramientas para el Dise\u00f1o de un curso con la metodolog\u00eda aprendizaje servicio, una oportunidad para la formaci\u00f3n integral\" Alianza colaborativa con PUC<\/h3>\t\t<\/div>\n\t\t\t\t<\/div>\n\t\t\t\t<div class=\"elementor-element elementor-element-5738d5b elementor-widget elementor-widget-text-editor\" data-id=\"5738d5b\" data-element_type=\"widget\" data-widget_type=\"text-editor.default\">\n\t\t\t\t<div class=\"elementor-widget-container\">\n\t\t\t\t\t\t\t<p><span style=\"font-weight: 400;\">Prop\u00f3sito: Entregar herramientas y conocimientos sobre la metodolog\u00eda de ense\u00f1anza-aprendizaje Aprendizaje Servicio, sus componentes y estrategias de implementaci\u00f3n, de modo que \u00e9l o la participante pueda posteriormente aplicarlo a sus cursos<\/span><\/p><p><strong>N\u00famero de horas: 45<\/strong><\/p><p><strong>Fecha de inicio<\/strong>: <span style=\"font-weight: 400;\">Octubre, fecha por definir<\/span><span style=\"font-weight: 400;\"><br \/><\/span><\/p>\t\t\t\t\t\t<\/div>\n\t\t\t\t<\/div>\n\t\t\t\t<div class=\"elementor-element elementor-element-4bde12b elementor-align-center elementor-widget elementor-widget-button\" data-id=\"4bde12b\" data-element_type=\"widget\" data-widget_type=\"button.default\">\n\t\t\t\t<div class=\"elementor-widget-container\">\n\t\t\t\t\t<div class=\"elementor-button-wrapper\">\n\t\t\t<a class=\"elementor-button elementor-button-link elementor-size-sm\" href=\"https:\/\/forms.gle\/hNtb4LMmAWqVF73K9\" target=\"_blank\">\n\t\t\t\t\t\t<span class=\"elementor-button-content-wrapper\">\n\t\t\t\t\t\t<span class=\"elementor-button-text\">Ir al formulario de Inscripci\u00f3n<\/span>\n\t\t<\/span>\n\t\t\t\t\t<\/a>\n\t\t<\/div>\n\t\t\t\t<\/div>\n\t\t\t\t<\/div>\n\t\t\t\t\t<\/div>\n\t\t<\/div>\n\t\t\t\t\t\t\t<\/div>\n\t\t<\/section>\n\t\t\t\t<section class=\"elementor-section elementor-top-section elementor-element elementor-element-bb48a9e elementor-section-boxed elementor-section-height-default elementor-section-height-default\" data-id=\"bb48a9e\" data-element_type=\"section\">\n\t\t\t\t\t\t<div class=\"elementor-container elementor-column-gap-default\">\n\t\t\t\t\t<div class=\"elementor-column elementor-col-100 elementor-top-column elementor-element elementor-element-52e6a3e\" data-id=\"52e6a3e\" data-element_type=\"column\">\n\t\t\t<div class=\"elementor-widget-wrap elementor-element-populated\">\n\t\t\t\t\t\t\t\t<div class=\"elementor-element elementor-element-934398f elementor-widget elementor-widget-spacer\" data-id=\"934398f\" data-element_type=\"widget\" data-widget_type=\"spacer.default\">\n\t\t\t\t<div class=\"elementor-widget-container\">\n\t\t\t\t\t<div class=\"elementor-spacer\">\n\t\t\t<div class=\"elementor-spacer-inner\"><\/div>\n\t\t<\/div>\n\t\t\t\t<\/div>\n\t\t\t\t<\/div>\n\t\t\t\t\t<\/div>\n\t\t<\/div>\n\t\t\t\t\t\t\t<\/div>\n\t\t<\/section>\n\t\t\t\t<section class=\"elementor-section elementor-top-section elementor-element elementor-element-9d3570f elementor-section-boxed elementor-section-height-default elementor-section-height-default\" data-id=\"9d3570f\" data-element_type=\"section\">\n\t\t\t\t\t\t<div class=\"elementor-container elementor-column-gap-default\">\n\t\t\t\t\t<div class=\"elementor-column elementor-col-50 elementor-top-column elementor-element elementor-element-6e75890\" data-id=\"6e75890\" data-element_type=\"column\">\n\t\t\t<div class=\"elementor-widget-wrap elementor-element-populated\">\n\t\t\t\t\t\t\t\t<div class=\"elementor-element elementor-element-0eaa77f elementor-widget elementor-widget-image\" data-id=\"0eaa77f\" data-element_type=\"widget\" data-widget_type=\"image.default\">\n\t\t\t\t<div class=\"elementor-widget-container\">\n\t\t\t\t\t\t\t\t\t\t\t\t\t\t\t<img decoding=\"async\" loading=\"lazy\" width=\"638\" height=\"217\" src=\"https:\/\/docenciavirtual.ufro.cl\/wp-content\/uploads\/2021\/07\/3.png\" class=\"attachment-large size-large wp-image-6598\" alt=\"\" srcset=\"https:\/\/docenciavirtual.ufro.cl\/wp-content\/uploads\/2021\/07\/3.png 638w, https:\/\/docenciavirtual.ufro.cl\/wp-content\/uploads\/2021\/07\/3-300x102.png 300w, https:\/\/docenciavirtual.ufro.cl\/wp-content\/uploads\/2021\/07\/3-24x8.png 24w, https:\/\/docenciavirtual.ufro.cl\/wp-content\/uploads\/2021\/07\/3-36x12.png 36w, https:\/\/docenciavirtual.ufro.cl\/wp-content\/uploads\/2021\/07\/3-48x16.png 48w\" sizes=\"(max-width: 638px) 100vw, 638px\" \/>\t\t\t\t\t\t\t\t\t\t\t\t\t\t\t<\/div>\n\t\t\t\t<\/div>\n\t\t\t\t<div class=\"elementor-element elementor-element-bb8cefb elementor-widget elementor-widget-heading\" data-id=\"bb8cefb\" data-element_type=\"widget\" data-widget_type=\"heading.default\">\n\t\t\t\t<div class=\"elementor-widget-container\">\n\t\t\t<h2 class=\"elementor-heading-title elementor-size-default\">Microcurso Evaluaci\u00f3n y retroalimentaci\u00f3n para el Aprendizaje<\/h2>\t\t<\/div>\n\t\t\t\t<\/div>\n\t\t\t\t<div class=\"elementor-element elementor-element-6423f5a elementor-widget elementor-widget-text-editor\" data-id=\"6423f5a\" data-element_type=\"widget\" data-widget_type=\"text-editor.default\">\n\t\t\t\t<div class=\"elementor-widget-container\">\n\t\t\t\t\t\t\t<p><span style=\"font-weight: 400;\">Prop\u00f3sito: Reconocer las potencialidades de la evaluaci\u00f3n centrada en el estudiante para la verificaci\u00f3n de los resultados y la calidad de los aprendizajes.<\/span><\/p><p><strong>N\u00famero de horas: 4<\/strong><\/p><p><strong>Fecha de inicio: <span style=\"font-weight: 400;\">30-08-2021<\/span><\/strong><span style=\"font-weight: 400;\">\u00a0<\/span><\/p>\t\t\t\t\t\t<\/div>\n\t\t\t\t<\/div>\n\t\t\t\t<div class=\"elementor-element elementor-element-8e58f47 elementor-align-center elementor-widget elementor-widget-button\" data-id=\"8e58f47\" data-element_type=\"widget\" data-widget_type=\"button.default\">\n\t\t\t\t<div class=\"elementor-widget-container\">\n\t\t\t\t\t<div class=\"elementor-button-wrapper\">\n\t\t\t<a class=\"elementor-button elementor-button-link elementor-size-sm\" href=\"#\">\n\t\t\t\t\t\t<span class=\"elementor-button-content-wrapper\">\n\t\t\t\t\t\t<span class=\"elementor-button-text\">Inscripciones en Campus Virtual pr\u00f3ximamente<\/span>\n\t\t<\/span>\n\t\t\t\t\t<\/a>\n\t\t<\/div>\n\t\t\t\t<\/div>\n\t\t\t\t<\/div>\n\t\t\t\t\t<\/div>\n\t\t<\/div>\n\t\t\t\t<div class=\"elementor-column elementor-col-50 elementor-top-column elementor-element elementor-element-1322ab9\" data-id=\"1322ab9\" data-element_type=\"column\">\n\t\t\t<div class=\"elementor-widget-wrap elementor-element-populated\">\n\t\t\t\t\t\t\t\t<div class=\"elementor-element elementor-element-74aef60 elementor-widget elementor-widget-image\" data-id=\"74aef60\" data-element_type=\"widget\" data-widget_type=\"image.default\">\n\t\t\t\t<div class=\"elementor-widget-container\">\n\t\t\t\t\t\t\t\t\t\t\t\t\t\t\t<img decoding=\"async\" loading=\"lazy\" width=\"638\" height=\"217\" src=\"https:\/\/docenciavirtual.ufro.cl\/wp-content\/uploads\/2021\/07\/4.png\" class=\"attachment-large size-large wp-image-6599\" alt=\"\" srcset=\"https:\/\/docenciavirtual.ufro.cl\/wp-content\/uploads\/2021\/07\/4.png 638w, https:\/\/docenciavirtual.ufro.cl\/wp-content\/uploads\/2021\/07\/4-300x102.png 300w, https:\/\/docenciavirtual.ufro.cl\/wp-content\/uploads\/2021\/07\/4-24x8.png 24w, https:\/\/docenciavirtual.ufro.cl\/wp-content\/uploads\/2021\/07\/4-36x12.png 36w, https:\/\/docenciavirtual.ufro.cl\/wp-content\/uploads\/2021\/07\/4-48x16.png 48w\" sizes=\"(max-width: 638px) 100vw, 638px\" \/>\t\t\t\t\t\t\t\t\t\t\t\t\t\t\t<\/div>\n\t\t\t\t<\/div>\n\t\t\t\t<div class=\"elementor-element elementor-element-73cdac2 elementor-widget elementor-widget-heading\" data-id=\"73cdac2\" data-element_type=\"widget\" data-widget_type=\"heading.default\">\n\t\t\t\t<div class=\"elementor-widget-container\">\n\t\t\t<h2 class=\"elementor-heading-title elementor-size-default\">Microcurso Mirada Inclusiva en Contextos de discapacidad<\/h2>\t\t<\/div>\n\t\t\t\t<\/div>\n\t\t\t\t<div class=\"elementor-element elementor-element-be3c5d7 elementor-widget elementor-widget-text-editor\" data-id=\"be3c5d7\" data-element_type=\"widget\" data-widget_type=\"text-editor.default\">\n\t\t\t\t<div class=\"elementor-widget-container\">\n\t\t\t\t\t\t\t<p><span style=\"font-weight: 400;\">Prop\u00f3sito: Entregar herramientas conceptuales y t\u00e9cnicas para la comprensi\u00f3n y abordaje de la discapacidad en contextos universitario.<\/span><\/p><p><strong>N\u00famero de horas: 4<\/strong><\/p><p><strong>Fecha de inicio<\/strong>: <span style=\"font-weight: 400;\">27-09-2021<\/span><\/p>\t\t\t\t\t\t<\/div>\n\t\t\t\t<\/div>\n\t\t\t\t<div class=\"elementor-element elementor-element-fe9f1a5 elementor-align-center elementor-widget elementor-widget-button\" data-id=\"fe9f1a5\" data-element_type=\"widget\" data-widget_type=\"button.default\">\n\t\t\t\t<div class=\"elementor-widget-container\">\n\t\t\t\t\t<div class=\"elementor-button-wrapper\">\n\t\t\t<a class=\"elementor-button elementor-button-link elementor-size-sm\" href=\"#\">\n\t\t\t\t\t\t<span class=\"elementor-button-content-wrapper\">\n\t\t\t\t\t\t<span class=\"elementor-button-text\">Inscripciones en Campus Virtual pr\u00f3ximamente<\/span>\n\t\t<\/span>\n\t\t\t\t\t<\/a>\n\t\t<\/div>\n\t\t\t\t<\/div>\n\t\t\t\t<\/div>\n\t\t\t\t\t<\/div>\n\t\t<\/div>\n\t\t\t\t\t\t\t<\/div>\n\t\t<\/section>\n\t\t\t\t<section class=\"elementor-section elementor-top-section elementor-element elementor-element-9298582 elementor-section-boxed elementor-section-height-default elementor-section-height-default\" data-id=\"9298582\" data-element_type=\"section\">\n\t\t\t\t\t\t<div class=\"elementor-container elementor-column-gap-default\">\n\t\t\t\t\t<div class=\"elementor-column elementor-col-100 elementor-top-column elementor-element elementor-element-85b8a71\" data-id=\"85b8a71\" data-element_type=\"column\">\n\t\t\t<div class=\"elementor-widget-wrap elementor-element-populated\">\n\t\t\t\t\t\t\t\t<div class=\"elementor-element elementor-element-65479ae elementor-widget elementor-widget-spacer\" data-id=\"65479ae\" data-element_type=\"widget\" data-widget_type=\"spacer.default\">\n\t\t\t\t<div class=\"elementor-widget-container\">\n\t\t\t\t\t<div class=\"elementor-spacer\">\n\t\t\t<div class=\"elementor-spacer-inner\"><\/div>\n\t\t<\/div>\n\t\t\t\t<\/div>\n\t\t\t\t<\/div>\n\t\t\t\t\t<\/div>\n\t\t<\/div>\n\t\t\t\t\t\t\t<\/div>\n\t\t<\/section>\n\t\t\t\t<section class=\"elementor-section elementor-top-section elementor-element elementor-element-6d18521 elementor-section-boxed elementor-section-height-default elementor-section-height-default\" data-id=\"6d18521\" data-element_type=\"section\">\n\t\t\t\t\t\t<div class=\"elementor-container elementor-column-gap-default\">\n\t\t\t\t\t<div class=\"elementor-column elementor-col-50 elementor-top-column elementor-element elementor-element-2bed9e6\" data-id=\"2bed9e6\" data-element_type=\"column\">\n\t\t\t<div class=\"elementor-widget-wrap elementor-element-populated\">\n\t\t\t\t\t\t\t\t<div class=\"elementor-element elementor-element-aecba9d elementor-widget elementor-widget-image\" data-id=\"aecba9d\" data-element_type=\"widget\" data-widget_type=\"image.default\">\n\t\t\t\t<div class=\"elementor-widget-container\">\n\t\t\t\t\t\t\t\t\t\t\t\t\t\t\t<img decoding=\"async\" loading=\"lazy\" width=\"639\" height=\"217\" src=\"https:\/\/docenciavirtual.ufro.cl\/wp-content\/uploads\/2021\/07\/5.png\" class=\"attachment-large size-large wp-image-6600\" alt=\"\" srcset=\"https:\/\/docenciavirtual.ufro.cl\/wp-content\/uploads\/2021\/07\/5.png 639w, https:\/\/docenciavirtual.ufro.cl\/wp-content\/uploads\/2021\/07\/5-300x102.png 300w, https:\/\/docenciavirtual.ufro.cl\/wp-content\/uploads\/2021\/07\/5-24x8.png 24w, https:\/\/docenciavirtual.ufro.cl\/wp-content\/uploads\/2021\/07\/5-36x12.png 36w, https:\/\/docenciavirtual.ufro.cl\/wp-content\/uploads\/2021\/07\/5-48x16.png 48w\" sizes=\"(max-width: 639px) 100vw, 639px\" \/>\t\t\t\t\t\t\t\t\t\t\t\t\t\t\t<\/div>\n\t\t\t\t<\/div>\n\t\t\t\t<div class=\"elementor-element elementor-element-6bb613d elementor-widget elementor-widget-heading\" data-id=\"6bb613d\" data-element_type=\"widget\" data-widget_type=\"heading.default\">\n\t\t\t\t<div class=\"elementor-widget-container\">\n\t\t\t<h2 class=\"elementor-heading-title elementor-size-default\">Microcurso Gestionando nuevos escenarios educativos para el aprendizaje<\/h2>\t\t<\/div>\n\t\t\t\t<\/div>\n\t\t\t\t<div class=\"elementor-element elementor-element-8160d08 elementor-widget elementor-widget-text-editor\" data-id=\"8160d08\" data-element_type=\"widget\" data-widget_type=\"text-editor.default\">\n\t\t\t\t<div class=\"elementor-widget-container\">\n\t\t\t\t\t\t\t<p><span style=\"font-weight: 400;\">Prop\u00f3sito: Identificar la necesidad de considerar la gesti\u00f3n de cambio en una instituci\u00f3n educativa y en el quehacer docente para remirar los procesos de ense\u00f1anza aprendizaje en contextos de diversidad.<\/span><\/p><p><strong>N\u00famero de horas: 4<\/strong><\/p><p><strong>Fecha de inicio<\/strong>: <span style=\"font-weight: 400;\">25-10-2021<\/span><\/p>\t\t\t\t\t\t<\/div>\n\t\t\t\t<\/div>\n\t\t\t\t<div class=\"elementor-element elementor-element-c1cd7c2 elementor-align-center elementor-widget elementor-widget-button\" data-id=\"c1cd7c2\" data-element_type=\"widget\" data-widget_type=\"button.default\">\n\t\t\t\t<div class=\"elementor-widget-container\">\n\t\t\t\t\t<div class=\"elementor-button-wrapper\">\n\t\t\t<a class=\"elementor-button elementor-button-link elementor-size-sm\" href=\"#\">\n\t\t\t\t\t\t<span class=\"elementor-button-content-wrapper\">\n\t\t\t\t\t\t<span class=\"elementor-button-text\">Inscripciones en Campus Virtual pr\u00f3ximamente<\/span>\n\t\t<\/span>\n\t\t\t\t\t<\/a>\n\t\t<\/div>\n\t\t\t\t<\/div>\n\t\t\t\t<\/div>\n\t\t\t\t\t<\/div>\n\t\t<\/div>\n\t\t\t\t<div class=\"elementor-column elementor-col-50 elementor-top-column elementor-element elementor-element-5096857\" data-id=\"5096857\" data-element_type=\"column\">\n\t\t\t<div class=\"elementor-widget-wrap\">\n\t\t\t\t\t\t\t\t\t<\/div>\n\t\t<\/div>\n\t\t\t\t\t\t\t<\/div>\n\t\t<\/section>\n\t\t\t\t\t\t\t<\/div>\n\t\t","protected":false},"excerpt":{"rendered":"<p>Microcurso Lineamientos claves para la Docencia en la UFRO Prop\u00f3sito: Comprensi\u00f3n y apropiaci\u00f3n de tres lineamientos claves para la docencia presentes en la Pol\u00edtica de Formaci\u00f3n Profesional (PFP). N\u00famero de horas: 4 Fecha de inicio: 26-07-2021 Inscripciones en Campus Virtual \u00abHerramientas para el Dise\u00f1o de un curso con la metodolog\u00eda aprendizaje servicio, una oportunidad para&hellip;<\/p>\n","protected":false},"author":111,"featured_media":0,"comment_status":"open","ping_status":"open","sticky":false,"template":"","format":"standard","meta":{"footnotes":""},"categories":[1],"tags":[],"pwapp_after_post_content":"","pwapp_before_post_content":"","androapp_header":"","pwapp_author":{"ID":111,"name":"loredanna.gonzalez","slug":"loredanna-gonzalez"},"pwapp_terms":{"category":[{"term_id":1,"name":"Novedades","slug":"novedades","term_group":0,"term_taxonomy_id":1,"taxonomy":"category","description":"","parent":0,"count":16,"filter":"raw","cat_ID":1,"category_count":16,"category_description":"","cat_name":"Novedades","category_nicename":"novedades","category_parent":0,"ID":1}]},"pwapp_feed_image_dimension_type":"preview","pwapp_post_image":"https:\/\/docenciavirtual.ufro.cl\/wp-content\/uploads\/2021\/07\/Banner-1.png","share_image":"https:\/\/docenciavirtual.ufro.cl\/wp-content\/uploads\/2021\/07\/Banner-1.png","featured_image_showhide":"show","pwapp_excerpt":"<p>Microcurso Lineamientos claves para la Docencia en la UFRO Prop\u00f3sito: Comprensi\u00f3n y apropiaci\u00f3n de tres lineamientos claves para la docencia presentes en la Pol\u00edtica de Formaci\u00f3n Profesional (PFP). N\u00famero de horas: 4 Fecha de inicio: 26-07-2021 Inscripciones en Campus Virtual \u00abHerramientas para el Dise\u00f1o de un curso con la metodolog\u00eda aprendizaje servicio, una oportunidad para&hellip;<\/p>\n","pwapp_title":"Microcursos","androapp_image_list":[{"src":"https:\/\/docenciavirtual.ufro.cl\/wp-content\/uploads\/2021\/07\/Banner-1.png","height":200},{"src":"https:\/\/docenciavirtual.ufro.cl\/wp-content\/uploads\/2021\/07\/1.png","height":200},{"src":"https:\/\/docenciavirtual.ufro.cl\/wp-content\/uploads\/2021\/07\/Banner_Campus-Virtual.jpg","height":200},{"src":"https:\/\/docenciavirtual.ufro.cl\/wp-content\/uploads\/2021\/07\/3.png","height":200},{"src":"https:\/\/docenciavirtual.ufro.cl\/wp-content\/uploads\/2021\/07\/4.png","height":200},{"src":"https:\/\/docenciavirtual.ufro.cl\/wp-content\/uploads\/2021\/07\/5.png","height":200}],"pwapp_post_content":"<style type=\"text\/css\">androapp img{\r\n    max-width: 100%;\r\n    height: auto;\r\n}\r\niframe{\r\n    max-width: 100%;    \r\n}\r\nfigure {\r\n    max-width: 100%;\r\n    height: auto;\r\n}\r\nimg{\r\n    max-width: 100% !important;\r\n    height: auto;\r\n}\r\ndiv {\r\n    max-width: 100% !important;\r\n}\r\nspan {\r\n    max-width:100%;\r\n    overflow: auto;\r\n}\r\naudio {\r\n    display:block;\r\n    visibility:visible !important;\r\n}\r\nvideo{\r\n    width:100%;\r\n    height:auto;\r\n}\r\n<\/style><div class='androapp'>\t\t<div data-elementor-type=\"wp-post\" data-elementor-id=\"6586\" class=\"elementor elementor-6586\">\n\t\t\t\t\t\t\t\t\t<section class=\"elementor-section elementor-top-section elementor-element elementor-element-4592a3a elementor-section-boxed elementor-section-height-default elementor-section-height-default\" data-id=\"4592a3a\" data-element_type=\"section\">\n\t\t\t\t\t\t<div class=\"elementor-container elementor-column-gap-default\">\n\t\t\t\t\t<div class=\"elementor-column elementor-col-100 elementor-top-column elementor-element elementor-element-1527266\" data-id=\"1527266\" data-element_type=\"column\">\n\t\t\t<div class=\"elementor-widget-wrap elementor-element-populated\">\n\t\t\t\t\t\t\t\t<div class=\"elementor-element elementor-element-055768a elementor-widget elementor-widget-image\" data-id=\"055768a\" data-element_type=\"widget\" data-widget_type=\"image.default\">\n\t\t\t\t<div class=\"elementor-widget-container\">\n\t\t\t\t\t\t\t\t\t\t\t\t\t\t\t<img decoding=\"async\" loading=\"lazy\" width=\"1134\" height=\"217\" src=\"https:\/\/docenciavirtual.ufro.cl\/wp-content\/uploads\/2021\/07\/Banner-1.png\" class=\"attachment-full size-full wp-image-6602\" alt=\"\" srcset=\"https:\/\/docenciavirtual.ufro.cl\/wp-content\/uploads\/2021\/07\/Banner-1.png 1134w, https:\/\/docenciavirtual.ufro.cl\/wp-content\/uploads\/2021\/07\/Banner-1-300x57.png 300w, https:\/\/docenciavirtual.ufro.cl\/wp-content\/uploads\/2021\/07\/Banner-1-1024x196.png 1024w, https:\/\/docenciavirtual.ufro.cl\/wp-content\/uploads\/2021\/07\/Banner-1-768x147.png 768w, https:\/\/docenciavirtual.ufro.cl\/wp-content\/uploads\/2021\/07\/Banner-1-24x5.png 24w, https:\/\/docenciavirtual.ufro.cl\/wp-content\/uploads\/2021\/07\/Banner-1-36x7.png 36w, https:\/\/docenciavirtual.ufro.cl\/wp-content\/uploads\/2021\/07\/Banner-1-48x9.png 48w\" sizes=\"(max-width: 1134px) 100vw, 1134px\" \/>\t\t\t\t\t\t\t\t\t\t\t\t\t\t\t<\/div>\n\t\t\t\t<\/div>\n\t\t\t\t\t<\/div>\n\t\t<\/div>\n\t\t\t\t\t\t\t<\/div>\n\t\t<\/section>\n\t\t\t\t<section class=\"elementor-section elementor-top-section elementor-element elementor-element-39ca7ab elementor-section-boxed elementor-section-height-default elementor-section-height-default\" data-id=\"39ca7ab\" data-element_type=\"section\">\n\t\t\t\t\t\t<div class=\"elementor-container elementor-column-gap-default\">\n\t\t\t\t\t<div class=\"elementor-column elementor-col-100 elementor-top-column elementor-element elementor-element-1908874\" data-id=\"1908874\" data-element_type=\"column\">\n\t\t\t<div class=\"elementor-widget-wrap elementor-element-populated\">\n\t\t\t\t\t\t\t\t<div class=\"elementor-element elementor-element-81c9dd4 elementor-widget elementor-widget-spacer\" data-id=\"81c9dd4\" data-element_type=\"widget\" data-widget_type=\"spacer.default\">\n\t\t\t\t<div class=\"elementor-widget-container\">\n\t\t\t\t\t<div class=\"elementor-spacer\">\n\t\t\t<div class=\"elementor-spacer-inner\"><\/div>\n\t\t<\/div>\n\t\t\t\t<\/div>\n\t\t\t\t<\/div>\n\t\t\t\t\t<\/div>\n\t\t<\/div>\n\t\t\t\t\t\t\t<\/div>\n\t\t<\/section>\n\t\t\t\t<section class=\"elementor-section elementor-top-section elementor-element elementor-element-9360350 elementor-section-boxed elementor-section-height-default elementor-section-height-default\" data-id=\"9360350\" data-element_type=\"section\">\n\t\t\t\t\t\t<div class=\"elementor-container elementor-column-gap-default\">\n\t\t\t\t\t<div class=\"elementor-column elementor-col-50 elementor-top-column elementor-element elementor-element-bdb5425\" data-id=\"bdb5425\" data-element_type=\"column\">\n\t\t\t<div class=\"elementor-widget-wrap elementor-element-populated\">\n\t\t\t\t\t\t\t\t<div class=\"elementor-element elementor-element-a5d1883 elementor-widget elementor-widget-image\" data-id=\"a5d1883\" data-element_type=\"widget\" data-widget_type=\"image.default\">\n\t\t\t\t<div class=\"elementor-widget-container\">\n\t\t\t\t\t\t\t\t\t\t\t\t\t\t\t<img decoding=\"async\" loading=\"lazy\" width=\"639\" height=\"217\" src=\"https:\/\/docenciavirtual.ufro.cl\/wp-content\/uploads\/2021\/07\/1.png\" class=\"attachment-full size-full wp-image-6596\" alt=\"\" srcset=\"https:\/\/docenciavirtual.ufro.cl\/wp-content\/uploads\/2021\/07\/1.png 639w, https:\/\/docenciavirtual.ufro.cl\/wp-content\/uploads\/2021\/07\/1-300x102.png 300w, https:\/\/docenciavirtual.ufro.cl\/wp-content\/uploads\/2021\/07\/1-24x8.png 24w, https:\/\/docenciavirtual.ufro.cl\/wp-content\/uploads\/2021\/07\/1-36x12.png 36w, https:\/\/docenciavirtual.ufro.cl\/wp-content\/uploads\/2021\/07\/1-48x16.png 48w\" sizes=\"(max-width: 639px) 100vw, 639px\" \/>\t\t\t\t\t\t\t\t\t\t\t\t\t\t\t<\/div>\n\t\t\t\t<\/div>\n\t\t\t\t<div class=\"elementor-element elementor-element-f879acf elementor-widget elementor-widget-heading\" data-id=\"f879acf\" data-element_type=\"widget\" data-widget_type=\"heading.default\">\n\t\t\t\t<div class=\"elementor-widget-container\">\n\t\t\t<h2 class=\"elementor-heading-title elementor-size-default\">Microcurso Lineamientos claves para la Docencia en la UFRO<\/h2>\t\t<\/div>\n\t\t\t\t<\/div>\n\t\t\t\t<div class=\"elementor-element elementor-element-81a3824 elementor-widget elementor-widget-text-editor\" data-id=\"81a3824\" data-element_type=\"widget\" data-widget_type=\"text-editor.default\">\n\t\t\t\t<div class=\"elementor-widget-container\">\n\t\t\t\t\t\t\t<p><span style=\"font-weight: 400;\">Prop\u00f3sito: Comprensi\u00f3n y apropiaci\u00f3n de tres lineamientos claves para la docencia presentes en la Pol\u00edtica de Formaci\u00f3n Profesional (PFP).<\/span><\/p><p><strong>N\u00famero de horas: <\/strong>4<\/p><p><strong>Fecha de inicio<\/strong>: <span style=\"font-weight: 400;\">26-07-2021<\/span><\/p>\t\t\t\t\t\t<\/div>\n\t\t\t\t<\/div>\n\t\t\t\t<div class=\"elementor-element elementor-element-7752521 elementor-align-center elementor-widget elementor-widget-button\" data-id=\"7752521\" data-element_type=\"widget\" data-widget_type=\"button.default\">\n\t\t\t\t<div class=\"elementor-widget-container\">\n\t\t\t\t\t<div class=\"elementor-button-wrapper\">\n\t\t\t<a class=\"elementor-button elementor-button-link elementor-size-sm\" href=\"https:\/\/campusvirtual.ufro.cl\/course\/view.php?id=7999\" target=\"_blank\">\n\t\t\t\t\t\t<span class=\"elementor-button-content-wrapper\">\n\t\t\t\t\t\t<span class=\"elementor-button-text\">Inscripciones en Campus Virtual<\/span>\n\t\t<\/span>\n\t\t\t\t\t<\/a>\n\t\t<\/div>\n\t\t\t\t<\/div>\n\t\t\t\t<\/div>\n\t\t\t\t\t<\/div>\n\t\t<\/div>\n\t\t\t\t<div class=\"elementor-column elementor-col-50 elementor-top-column elementor-element elementor-element-050baa5\" data-id=\"050baa5\" data-element_type=\"column\">\n\t\t\t<div class=\"elementor-widget-wrap elementor-element-populated\">\n\t\t\t\t\t\t\t\t<div class=\"elementor-element elementor-element-01ae3f4 elementor-widget elementor-widget-image\" data-id=\"01ae3f4\" data-element_type=\"widget\" data-widget_type=\"image.default\">\n\t\t\t\t<div class=\"elementor-widget-container\">\n\t\t\t\t\t\t\t\t\t\t\t\t\t\t\t\t<a href=\"https:\/\/forms.gle\/hNtb4LMmAWqVF73K9\" target=\"_blank\">\n\t\t\t\t\t\t\t<img decoding=\"async\" loading=\"lazy\" width=\"700\" height=\"248\" src=\"https:\/\/docenciavirtual.ufro.cl\/wp-content\/uploads\/2021\/07\/Banner_Campus-Virtual.jpg\" class=\"attachment-large size-large wp-image-6738\" alt=\"\" srcset=\"https:\/\/docenciavirtual.ufro.cl\/wp-content\/uploads\/2021\/07\/Banner_Campus-Virtual.jpg 700w, https:\/\/docenciavirtual.ufro.cl\/wp-content\/uploads\/2021\/07\/Banner_Campus-Virtual-300x106.jpg 300w, https:\/\/docenciavirtual.ufro.cl\/wp-content\/uploads\/2021\/07\/Banner_Campus-Virtual-24x9.jpg 24w, https:\/\/docenciavirtual.ufro.cl\/wp-content\/uploads\/2021\/07\/Banner_Campus-Virtual-36x13.jpg 36w, https:\/\/docenciavirtual.ufro.cl\/wp-content\/uploads\/2021\/07\/Banner_Campus-Virtual-48x17.jpg 48w\" sizes=\"(max-width: 700px) 100vw, 700px\" \/>\t\t\t\t\t\t\t\t<\/a>\n\t\t\t\t\t\t\t\t\t\t\t\t\t\t\t<\/div>\n\t\t\t\t<\/div>\n\t\t\t\t<div class=\"elementor-element elementor-element-3c3b524 elementor-widget elementor-widget-heading\" data-id=\"3c3b524\" data-element_type=\"widget\" data-widget_type=\"heading.default\">\n\t\t\t\t<div class=\"elementor-widget-container\">\n\t\t\t<h3 class=\"elementor-heading-title elementor-size-default\">\"Herramientas para el Dise\u00f1o de un curso con la metodolog\u00eda aprendizaje servicio, una oportunidad para la formaci\u00f3n integral\" Alianza colaborativa con PUC<\/h3>\t\t<\/div>\n\t\t\t\t<\/div>\n\t\t\t\t<div class=\"elementor-element elementor-element-5738d5b elementor-widget elementor-widget-text-editor\" data-id=\"5738d5b\" data-element_type=\"widget\" data-widget_type=\"text-editor.default\">\n\t\t\t\t<div class=\"elementor-widget-container\">\n\t\t\t\t\t\t\t<p><span style=\"font-weight: 400;\">Prop\u00f3sito: Entregar herramientas y conocimientos sobre la metodolog\u00eda de ense\u00f1anza-aprendizaje Aprendizaje Servicio, sus componentes y estrategias de implementaci\u00f3n, de modo que \u00e9l o la participante pueda posteriormente aplicarlo a sus cursos<\/span><\/p><p><strong>N\u00famero de horas: 45<\/strong><\/p><p><strong>Fecha de inicio<\/strong>: <span style=\"font-weight: 400;\">Octubre, fecha por definir<\/span><span style=\"font-weight: 400;\"><br \/><\/span><\/p>\t\t\t\t\t\t<\/div>\n\t\t\t\t<\/div>\n\t\t\t\t<div class=\"elementor-element elementor-element-4bde12b elementor-align-center elementor-widget elementor-widget-button\" data-id=\"4bde12b\" data-element_type=\"widget\" data-widget_type=\"button.default\">\n\t\t\t\t<div class=\"elementor-widget-container\">\n\t\t\t\t\t<div class=\"elementor-button-wrapper\">\n\t\t\t<a class=\"elementor-button elementor-button-link elementor-size-sm\" href=\"https:\/\/forms.gle\/hNtb4LMmAWqVF73K9\" target=\"_blank\">\n\t\t\t\t\t\t<span class=\"elementor-button-content-wrapper\">\n\t\t\t\t\t\t<span class=\"elementor-button-text\">Ir al formulario de Inscripci\u00f3n<\/span>\n\t\t<\/span>\n\t\t\t\t\t<\/a>\n\t\t<\/div>\n\t\t\t\t<\/div>\n\t\t\t\t<\/div>\n\t\t\t\t\t<\/div>\n\t\t<\/div>\n\t\t\t\t\t\t\t<\/div>\n\t\t<\/section>\n\t\t\t\t<section class=\"elementor-section elementor-top-section elementor-element elementor-element-bb48a9e elementor-section-boxed elementor-section-height-default elementor-section-height-default\" data-id=\"bb48a9e\" data-element_type=\"section\">\n\t\t\t\t\t\t<div class=\"elementor-container elementor-column-gap-default\">\n\t\t\t\t\t<div class=\"elementor-column elementor-col-100 elementor-top-column elementor-element elementor-element-52e6a3e\" data-id=\"52e6a3e\" data-element_type=\"column\">\n\t\t\t<div class=\"elementor-widget-wrap elementor-element-populated\">\n\t\t\t\t\t\t\t\t<div class=\"elementor-element elementor-element-934398f elementor-widget elementor-widget-spacer\" data-id=\"934398f\" data-element_type=\"widget\" data-widget_type=\"spacer.default\">\n\t\t\t\t<div class=\"elementor-widget-container\">\n\t\t\t\t\t<div class=\"elementor-spacer\">\n\t\t\t<div class=\"elementor-spacer-inner\"><\/div>\n\t\t<\/div>\n\t\t\t\t<\/div>\n\t\t\t\t<\/div>\n\t\t\t\t\t<\/div>\n\t\t<\/div>\n\t\t\t\t\t\t\t<\/div>\n\t\t<\/section>\n\t\t\t\t<section class=\"elementor-section elementor-top-section elementor-element elementor-element-9d3570f elementor-section-boxed elementor-section-height-default elementor-section-height-default\" data-id=\"9d3570f\" data-element_type=\"section\">\n\t\t\t\t\t\t<div class=\"elementor-container elementor-column-gap-default\">\n\t\t\t\t\t<div class=\"elementor-column elementor-col-50 elementor-top-column elementor-element elementor-element-6e75890\" data-id=\"6e75890\" data-element_type=\"column\">\n\t\t\t<div class=\"elementor-widget-wrap elementor-element-populated\">\n\t\t\t\t\t\t\t\t<div class=\"elementor-element elementor-element-0eaa77f elementor-widget elementor-widget-image\" data-id=\"0eaa77f\" data-element_type=\"widget\" data-widget_type=\"image.default\">\n\t\t\t\t<div class=\"elementor-widget-container\">\n\t\t\t\t\t\t\t\t\t\t\t\t\t\t\t<img decoding=\"async\" loading=\"lazy\" width=\"638\" height=\"217\" src=\"https:\/\/docenciavirtual.ufro.cl\/wp-content\/uploads\/2021\/07\/3.png\" class=\"attachment-large size-large wp-image-6598\" alt=\"\" srcset=\"https:\/\/docenciavirtual.ufro.cl\/wp-content\/uploads\/2021\/07\/3.png 638w, https:\/\/docenciavirtual.ufro.cl\/wp-content\/uploads\/2021\/07\/3-300x102.png 300w, https:\/\/docenciavirtual.ufro.cl\/wp-content\/uploads\/2021\/07\/3-24x8.png 24w, https:\/\/docenciavirtual.ufro.cl\/wp-content\/uploads\/2021\/07\/3-36x12.png 36w, https:\/\/docenciavirtual.ufro.cl\/wp-content\/uploads\/2021\/07\/3-48x16.png 48w\" sizes=\"(max-width: 638px) 100vw, 638px\" \/>\t\t\t\t\t\t\t\t\t\t\t\t\t\t\t<\/div>\n\t\t\t\t<\/div>\n\t\t\t\t<div class=\"elementor-element elementor-element-bb8cefb elementor-widget elementor-widget-heading\" data-id=\"bb8cefb\" data-element_type=\"widget\" data-widget_type=\"heading.default\">\n\t\t\t\t<div class=\"elementor-widget-container\">\n\t\t\t<h2 class=\"elementor-heading-title elementor-size-default\">Microcurso Evaluaci\u00f3n y retroalimentaci\u00f3n para el Aprendizaje<\/h2>\t\t<\/div>\n\t\t\t\t<\/div>\n\t\t\t\t<div class=\"elementor-element elementor-element-6423f5a elementor-widget elementor-widget-text-editor\" data-id=\"6423f5a\" data-element_type=\"widget\" data-widget_type=\"text-editor.default\">\n\t\t\t\t<div class=\"elementor-widget-container\">\n\t\t\t\t\t\t\t<p><span style=\"font-weight: 400;\">Prop\u00f3sito: Reconocer las potencialidades de la evaluaci\u00f3n centrada en el estudiante para la verificaci\u00f3n de los resultados y la calidad de los aprendizajes.<\/span><\/p><p><strong>N\u00famero de horas: 4<\/strong><\/p><p><strong>Fecha de inicio: <span style=\"font-weight: 400;\">30-08-2021<\/span><\/strong><span style=\"font-weight: 400;\">\u00a0<\/span><\/p>\t\t\t\t\t\t<\/div>\n\t\t\t\t<\/div>\n\t\t\t\t<div class=\"elementor-element elementor-element-8e58f47 elementor-align-center elementor-widget elementor-widget-button\" data-id=\"8e58f47\" data-element_type=\"widget\" data-widget_type=\"button.default\">\n\t\t\t\t<div class=\"elementor-widget-container\">\n\t\t\t\t\t<div class=\"elementor-button-wrapper\">\n\t\t\t<a class=\"elementor-button elementor-button-link elementor-size-sm\" href=\"#\">\n\t\t\t\t\t\t<span class=\"elementor-button-content-wrapper\">\n\t\t\t\t\t\t<span class=\"elementor-button-text\">Inscripciones en Campus Virtual pr\u00f3ximamente<\/span>\n\t\t<\/span>\n\t\t\t\t\t<\/a>\n\t\t<\/div>\n\t\t\t\t<\/div>\n\t\t\t\t<\/div>\n\t\t\t\t\t<\/div>\n\t\t<\/div>\n\t\t\t\t<div class=\"elementor-column elementor-col-50 elementor-top-column elementor-element elementor-element-1322ab9\" data-id=\"1322ab9\" data-element_type=\"column\">\n\t\t\t<div class=\"elementor-widget-wrap elementor-element-populated\">\n\t\t\t\t\t\t\t\t<div class=\"elementor-element elementor-element-74aef60 elementor-widget elementor-widget-image\" data-id=\"74aef60\" data-element_type=\"widget\" data-widget_type=\"image.default\">\n\t\t\t\t<div class=\"elementor-widget-container\">\n\t\t\t\t\t\t\t\t\t\t\t\t\t\t\t<img decoding=\"async\" loading=\"lazy\" width=\"638\" height=\"217\" src=\"https:\/\/docenciavirtual.ufro.cl\/wp-content\/uploads\/2021\/07\/4.png\" class=\"attachment-large size-large wp-image-6599\" alt=\"\" srcset=\"https:\/\/docenciavirtual.ufro.cl\/wp-content\/uploads\/2021\/07\/4.png 638w, https:\/\/docenciavirtual.ufro.cl\/wp-content\/uploads\/2021\/07\/4-300x102.png 300w, https:\/\/docenciavirtual.ufro.cl\/wp-content\/uploads\/2021\/07\/4-24x8.png 24w, https:\/\/docenciavirtual.ufro.cl\/wp-content\/uploads\/2021\/07\/4-36x12.png 36w, https:\/\/docenciavirtual.ufro.cl\/wp-content\/uploads\/2021\/07\/4-48x16.png 48w\" sizes=\"(max-width: 638px) 100vw, 638px\" \/>\t\t\t\t\t\t\t\t\t\t\t\t\t\t\t<\/div>\n\t\t\t\t<\/div>\n\t\t\t\t<div class=\"elementor-element elementor-element-73cdac2 elementor-widget elementor-widget-heading\" data-id=\"73cdac2\" data-element_type=\"widget\" data-widget_type=\"heading.default\">\n\t\t\t\t<div class=\"elementor-widget-container\">\n\t\t\t<h2 class=\"elementor-heading-title elementor-size-default\">Microcurso Mirada Inclusiva en Contextos de discapacidad<\/h2>\t\t<\/div>\n\t\t\t\t<\/div>\n\t\t\t\t<div class=\"elementor-element elementor-element-be3c5d7 elementor-widget elementor-widget-text-editor\" data-id=\"be3c5d7\" data-element_type=\"widget\" data-widget_type=\"text-editor.default\">\n\t\t\t\t<div class=\"elementor-widget-container\">\n\t\t\t\t\t\t\t<p><span style=\"font-weight: 400;\">Prop\u00f3sito: Entregar herramientas conceptuales y t\u00e9cnicas para la comprensi\u00f3n y abordaje de la discapacidad en contextos universitario.<\/span><\/p><p><strong>N\u00famero de horas: 4<\/strong><\/p><p><strong>Fecha de inicio<\/strong>: <span style=\"font-weight: 400;\">27-09-2021<\/span><\/p>\t\t\t\t\t\t<\/div>\n\t\t\t\t<\/div>\n\t\t\t\t<div class=\"elementor-element elementor-element-fe9f1a5 elementor-align-center elementor-widget elementor-widget-button\" data-id=\"fe9f1a5\" data-element_type=\"widget\" data-widget_type=\"button.default\">\n\t\t\t\t<div class=\"elementor-widget-container\">\n\t\t\t\t\t<div class=\"elementor-button-wrapper\">\n\t\t\t<a class=\"elementor-button elementor-button-link elementor-size-sm\" href=\"#\">\n\t\t\t\t\t\t<span class=\"elementor-button-content-wrapper\">\n\t\t\t\t\t\t<span class=\"elementor-button-text\">Inscripciones en Campus Virtual pr\u00f3ximamente<\/span>\n\t\t<\/span>\n\t\t\t\t\t<\/a>\n\t\t<\/div>\n\t\t\t\t<\/div>\n\t\t\t\t<\/div>\n\t\t\t\t\t<\/div>\n\t\t<\/div>\n\t\t\t\t\t\t\t<\/div>\n\t\t<\/section>\n\t\t\t\t<section class=\"elementor-section elementor-top-section elementor-element elementor-element-9298582 elementor-section-boxed elementor-section-height-default elementor-section-height-default\" data-id=\"9298582\" data-element_type=\"section\">\n\t\t\t\t\t\t<div class=\"elementor-container elementor-column-gap-default\">\n\t\t\t\t\t<div class=\"elementor-column elementor-col-100 elementor-top-column elementor-element elementor-element-85b8a71\" data-id=\"85b8a71\" data-element_type=\"column\">\n\t\t\t<div class=\"elementor-widget-wrap elementor-element-populated\">\n\t\t\t\t\t\t\t\t<div class=\"elementor-element elementor-element-65479ae elementor-widget elementor-widget-spacer\" data-id=\"65479ae\" data-element_type=\"widget\" data-widget_type=\"spacer.default\">\n\t\t\t\t<div class=\"elementor-widget-container\">\n\t\t\t\t\t<div class=\"elementor-spacer\">\n\t\t\t<div class=\"elementor-spacer-inner\"><\/div>\n\t\t<\/div>\n\t\t\t\t<\/div>\n\t\t\t\t<\/div>\n\t\t\t\t\t<\/div>\n\t\t<\/div>\n\t\t\t\t\t\t\t<\/div>\n\t\t<\/section>\n\t\t\t\t<section class=\"elementor-section elementor-top-section elementor-element elementor-element-6d18521 elementor-section-boxed elementor-section-height-default elementor-section-height-default\" data-id=\"6d18521\" data-element_type=\"section\">\n\t\t\t\t\t\t<div class=\"elementor-container elementor-column-gap-default\">\n\t\t\t\t\t<div class=\"elementor-column elementor-col-50 elementor-top-column elementor-element elementor-element-2bed9e6\" data-id=\"2bed9e6\" data-element_type=\"column\">\n\t\t\t<div class=\"elementor-widget-wrap elementor-element-populated\">\n\t\t\t\t\t\t\t\t<div class=\"elementor-element elementor-element-aecba9d elementor-widget elementor-widget-image\" data-id=\"aecba9d\" data-element_type=\"widget\" data-widget_type=\"image.default\">\n\t\t\t\t<div class=\"elementor-widget-container\">\n\t\t\t\t\t\t\t\t\t\t\t\t\t\t\t<img decoding=\"async\" loading=\"lazy\" width=\"639\" height=\"217\" src=\"https:\/\/docenciavirtual.ufro.cl\/wp-content\/uploads\/2021\/07\/5.png\" class=\"attachment-large size-large wp-image-6600\" alt=\"\" srcset=\"https:\/\/docenciavirtual.ufro.cl\/wp-content\/uploads\/2021\/07\/5.png 639w, https:\/\/docenciavirtual.ufro.cl\/wp-content\/uploads\/2021\/07\/5-300x102.png 300w, https:\/\/docenciavirtual.ufro.cl\/wp-content\/uploads\/2021\/07\/5-24x8.png 24w, https:\/\/docenciavirtual.ufro.cl\/wp-content\/uploads\/2021\/07\/5-36x12.png 36w, https:\/\/docenciavirtual.ufro.cl\/wp-content\/uploads\/2021\/07\/5-48x16.png 48w\" sizes=\"(max-width: 639px) 100vw, 639px\" \/>\t\t\t\t\t\t\t\t\t\t\t\t\t\t\t<\/div>\n\t\t\t\t<\/div>\n\t\t\t\t<div class=\"elementor-element elementor-element-6bb613d elementor-widget elementor-widget-heading\" data-id=\"6bb613d\" data-element_type=\"widget\" data-widget_type=\"heading.default\">\n\t\t\t\t<div class=\"elementor-widget-container\">\n\t\t\t<h2 class=\"elementor-heading-title elementor-size-default\">Microcurso Gestionando nuevos escenarios educativos para el aprendizaje<\/h2>\t\t<\/div>\n\t\t\t\t<\/div>\n\t\t\t\t<div class=\"elementor-element elementor-element-8160d08 elementor-widget elementor-widget-text-editor\" data-id=\"8160d08\" data-element_type=\"widget\" data-widget_type=\"text-editor.default\">\n\t\t\t\t<div class=\"elementor-widget-container\">\n\t\t\t\t\t\t\t<p><span style=\"font-weight: 400;\">Prop\u00f3sito: Identificar la necesidad de considerar la gesti\u00f3n de cambio en una instituci\u00f3n educativa y en el quehacer docente para remirar los procesos de ense\u00f1anza aprendizaje en contextos de diversidad.<\/span><\/p><p><strong>N\u00famero de horas: 4<\/strong><\/p><p><strong>Fecha de inicio<\/strong>: <span style=\"font-weight: 400;\">25-10-2021<\/span><\/p>\t\t\t\t\t\t<\/div>\n\t\t\t\t<\/div>\n\t\t\t\t<div class=\"elementor-element elementor-element-c1cd7c2 elementor-align-center elementor-widget elementor-widget-button\" data-id=\"c1cd7c2\" data-element_type=\"widget\" data-widget_type=\"button.default\">\n\t\t\t\t<div class=\"elementor-widget-container\">\n\t\t\t\t\t<div class=\"elementor-button-wrapper\">\n\t\t\t<a class=\"elementor-button elementor-button-link elementor-size-sm\" href=\"#\">\n\t\t\t\t\t\t<span class=\"elementor-button-content-wrapper\">\n\t\t\t\t\t\t<span class=\"elementor-button-text\">Inscripciones en Campus Virtual pr\u00f3ximamente<\/span>\n\t\t<\/span>\n\t\t\t\t\t<\/a>\n\t\t<\/div>\n\t\t\t\t<\/div>\n\t\t\t\t<\/div>\n\t\t\t\t\t<\/div>\n\t\t<\/div>\n\t\t\t\t<div class=\"elementor-column elementor-col-50 elementor-top-column elementor-element elementor-element-5096857\" data-id=\"5096857\" data-element_type=\"column\">\n\t\t\t<div class=\"elementor-widget-wrap\">\n\t\t\t\t\t\t\t\t\t<\/div>\n\t\t<\/div>\n\t\t\t\t\t\t\t<\/div>\n\t\t<\/section>\n\t\t\t\t\t\t\t<\/div>\n\t\t<\/div>","pwapp_post_content_type":"postprocessed2","pwapp_preview_type":"excerpt","androapp_failover_post_content_type":"","share_text":"Microcursos\nvia https:\/\/docenciavirtual.ufro.cl\/index.php\/microcursos\/","androapp_comments_count":0,"supercache":"androappsupercache","_links":{"self":[{"href":"https:\/\/docenciavirtual.ufro.cl\/index.php\/wp-json\/wp\/v2\/posts\/6586"}],"collection":[{"href":"https:\/\/docenciavirtual.ufro.cl\/index.php\/wp-json\/wp\/v2\/posts"}],"about":[{"href":"https:\/\/docenciavirtual.ufro.cl\/index.php\/wp-json\/wp\/v2\/types\/post"}],"author":[{"embeddable":true,"href":"https:\/\/docenciavirtual.ufro.cl\/index.php\/wp-json\/wp\/v2\/users\/111"}],"replies":[{"embeddable":true,"href":"https:\/\/docenciavirtual.ufro.cl\/index.php\/wp-json\/wp\/v2\/comments?post=6586"}],"version-history":[{"count":25,"href":"https:\/\/docenciavirtual.ufro.cl\/index.php\/wp-json\/wp\/v2\/posts\/6586\/revisions"}],"predecessor-version":[{"id":7051,"href":"https:\/\/docenciavirtual.ufro.cl\/index.php\/wp-json\/wp\/v2\/posts\/6586\/revisions\/7051"}],"wp:attachment":[{"href":"https:\/\/docenciavirtual.ufro.cl\/index.php\/wp-json\/wp\/v2\/media?parent=6586"}],"wp:term":[{"taxonomy":"category","embeddable":true,"href":"https:\/\/docenciavirtual.ufro.cl\/index.php\/wp-json\/wp\/v2\/categories?post=6586"},{"taxonomy":"post_tag","embeddable":true,"href":"https:\/\/docenciavirtual.ufro.cl\/index.php\/wp-json\/wp\/v2\/tags?post=6586"}],"curies":[{"name":"wp","href":"https:\/\/api.w.org\/{rel}","templated":true}]}}